{"id":229,"date":"2026-01-29T11:58:54","date_gmt":"2026-01-29T14:58:54","guid":{"rendered":"https:\/\/gerocog.grupos2mkt.live\/2026\/01\/29\/inpev-anuncia-novo-presidente\/"},"modified":"2026-02-20T10:46:58","modified_gmt":"2026-02-20T13:46:58","slug":"inpev-anuncia-novo-presidente","status":"publish","type":"post","link":"https:\/\/www.sistemacampolimpo.org.br\/noticias\/institucional\/inpev-anuncia-novo-presidente\/","title":{"rendered":"inpEV anuncia novo presidente"},"content":{"rendered":"\n<p><em>O Instituto Nacional de Processamento de Embalagens Vazias (inpEV) est\u00e1 sob novo comando. Marcelo Okamura assume a presid\u00eancia da entidade gestora do Sistema Campo Limpo, programa brasileiro de log\u00edstica reversa de embalagens vazias e sobras p\u00f3s-consumo de defensivos agr\u00edcolas.<\/em><\/p>\n\n\n\n<p>O Instituto Nacional de Processamento de Embalagens Vazias (inpEV) est\u00e1 sob novo comando. Marcelo Okamura assume a presid\u00eancia da entidade gestora do Sistema Campo Limpo, programa brasileiro de log\u00edstica reversa de embalagens vazias e sobras p\u00f3s-consumo de defensivos agr\u00edcolas. O executivo sucede a Jo\u00e3o Cesar Rando, que esteve \u00e0 frente do instituto desde a sua funda\u00e7\u00e3o, em 2001.<\/p>\n\n\n\n<p>O novo presidente tem rela\u00e7\u00e3o de longa data com o inpEV, conhecendo a fundo o Sistema Campo Limpo e os elos da cadeia. Nesta entrevista ao Informativo do Sistema Campo Limpo, o gestor fala um pouco sobre o seu envolvimento com o instituto e o seu objetivo de inovar ainda mais o Sistema.<\/p>\n\n\n\n<h2 class=\"wp-block-heading\">1) A sua hist\u00f3ria com o inpEV n\u00e3o come\u00e7a agora. O que lhe motivou a ter essa rela\u00e7\u00e3o com o instituto?<\/h2>\n\n\n\n<p><em>A minha hist\u00f3ria com o inpEV come\u00e7ou em 2002, quando eu atuava como diretor de uma das afiliadas do instituto e que fazia parte do Conselho Diretor. Ent\u00e3o fui um dos primeiros presidentes do Conselho Diretor e desde esse per\u00edodo continuei fazendo parte como conselheiro em diversas ocasi\u00f5es.&nbsp;<\/em><\/p>\n\n\n\n<p><em>Minha maior motiva\u00e7\u00e3o em participar do Instituto foi a minha ader\u00eancia aos seus valores e prop\u00f3sito. O inpEV \u00e9 o elo entre todos os participantes da cadeia de regulamenta\u00e7\u00e3o, produ\u00e7\u00e3o, comercializa\u00e7\u00e3o, utiliza\u00e7\u00e3o e fiscaliza\u00e7\u00e3o do uso de defensivos agr\u00edcolas no Brasil.<\/em><\/p>\n\n\n\n<h2 class=\"wp-block-heading\">2) Como encara essa miss\u00e3o de assumir a presid\u00eancia do inpEV?<\/h2>\n\n\n\n<p><em>Estou muito feliz de participar dessa nova fase do inpEV, substituindo o Rando, que deixa um grande legado dentro do Sistema Campo Limpo. O inpEV, al\u00e9m de ser um instituto que cumpre com a legisla\u00e7\u00e3o \u2013 de receber, processar e dar destina\u00e7\u00e3o \u00e0s embalagens vazias \u2013, tamb\u00e9m tem uma fun\u00e7\u00e3o social e ambiental muito importante. O inpEV alcan\u00e7ou um n\u00edvel de desenvolvimento invej\u00e1vel no mundo todo.<\/em><\/p>\n\n\n\n<p><em>A minha miss\u00e3o como presidente, al\u00e9m de fazer cumprir todos os requisitos que a legisla\u00e7\u00e3o brasileira exige, \u00e9 preparar o Instituto para um novo tempo, estimulando inova\u00e7\u00f5es que contribuam para aumentar ainda mais a efici\u00eancia dos processos internos e a capacidade de recebimento e processamento das embalagens para que possamos ser mais performantes e alcancemos a autossustentabilidade.<\/em><\/p>\n\n\n\n<h2 class=\"wp-block-heading\">3) O que os demais elos da cadeia do Sistema Campo Limpo podem esperar da sua gest\u00e3o?<\/h2>\n\n\n\n<p><em>Como disse anteriormente, o inpEV integra os diferentes elos da cadeia agr\u00edcola. Minha gest\u00e3o continuar\u00e1 a fortalecer esta uni\u00e3o e o perfeito funcionamento deste modelo que se provou eficiente e \u00e9 uma refer\u00eancia mundial. Tenho feito contato com produtores, associa\u00e7\u00f5es de distribuidores, cooperativas e \u00f3rg\u00e3os do poder p\u00fablico. Todos est\u00e3o empenhados em fazer do sistema um sucesso ainda maior. Isso facilita bastante o meu trabalho e o alcance dos nossos objetivos comuns.<\/em><\/p>\n\n\n\n<h2 class=\"wp-block-heading\">4) De que forma acredita que a sua experi\u00eancia na ind\u00fastria agroqu\u00edmica possa contribuir com o Sistema?<\/h2>\n\n\n\n<p><em>Acho que minha experi\u00eancia de algumas d\u00e9cadas na ind\u00fastria, em diversas fun\u00e7\u00f5es, traz uma contribui\u00e7\u00e3o importante com o conhecimento do lado de dentro e fora da porteira. O desafio n\u00e3o \u00e9 apenas de log\u00edstica e destina\u00e7\u00e3o de embalagens em geral, mas sim de um mercado de defensivos agr\u00edcolas que tem suas peculiaridades e legisla\u00e7\u00f5es espec\u00edficas. Conhecer as dificuldades de todos os elos da cadeia produtiva e de distribui\u00e7\u00e3o e tamb\u00e9m do sistema Campo Limpo facilita muito a minha atua\u00e7\u00e3o \u00e0 frente do inpEV.<\/em><\/p>\n","protected":false},"excerpt":{"rendered":"<p>O Instituto Nacional de Processamento de Embalagens Vazias (inpEV) est\u00e1 sob novo comando. Marcelo Okamura assume a presid\u00eancia da entidade gestora do Sistema Campo Limpo, programa brasileiro de log\u00edstica reversa de embalagens vazias e sobras p\u00f3s-consumo de defensivos agr\u00edcolas. O Instituto Nacional de Processamento de Embalagens Vazias (inpEV) est\u00e1 sob novo comando. Marcelo Okamura assume [&hellip;]<\/p>\n","protected":false},"author":3,"featured_media":0,"comment_status":"open","ping_status":"open","sticky":false,"template":"","format":"standard","meta":{"footnotes":""},"categories":[3],"tags":[],"class_list":["post-229","post","type-post","status-publish","format-standard","hentry","category-institucional"],"yoast_head":"<!-- This site is optimized with the Yoast SEO plugin v27.3 - https:\/\/yoast.com\/product\/yoast-seo-wordpress\/ -->\r\n<title>inpEV anuncia novo presidente - Noticias<\/title>\r\n<meta name=\"robots\" content=\"index, follow, max-snippet:-1, max-image-preview:large, max-video-preview:-1\" \/>\r\n<link rel=\"canonical\" href=\"https:\/\/www.sistemacampolimpo.org.br\/noticias\/institucional\/inpev-anuncia-novo-presidente\/\" \/>\r\n<meta property=\"og:locale\" content=\"pt_BR\" \/>\r\n<meta property=\"og:type\" content=\"article\" \/>\r\n<meta property=\"og:title\" content=\"inpEV anuncia novo presidente - Noticias\" \/>\r\n<meta property=\"og:description\" content=\"O Instituto Nacional de Processamento de Embalagens Vazias (inpEV) est\u00e1 sob novo comando. Marcelo Okamura assume a presid\u00eancia da entidade gestora do Sistema Campo Limpo, programa brasileiro de log\u00edstica reversa de embalagens vazias e sobras p\u00f3s-consumo de defensivos agr\u00edcolas. O Instituto Nacional de Processamento de Embalagens Vazias (inpEV) est\u00e1 sob novo comando. Marcelo Okamura assume [&hellip;]\" \/>\r\n<meta property=\"og:url\" content=\"https:\/\/www.sistemacampolimpo.org.br\/noticias\/institucional\/inpev-anuncia-novo-presidente\/\" \/>\r\n<meta property=\"og:site_name\" content=\"Noticias\" \/>\r\n<meta property=\"article:published_time\" content=\"2026-01-29T14:58:54+00:00\" \/>\r\n<meta property=\"article:modified_time\" content=\"2026-02-20T13:46:58+00:00\" \/>\r\n<meta name=\"author\" content=\"Andre GS2 MKT Digital\" \/>\r\n<meta name=\"twitter:card\" content=\"summary_large_image\" \/>\r\n<meta name=\"twitter:label1\" content=\"Escrito por\" \/>\n\t<meta name=\"twitter:data1\" content=\"Andre GS2 MKT Digital\" \/>\n\t<meta name=\"twitter:label2\" content=\"Est. tempo de leitura\" \/>\n\t<meta name=\"twitter:data2\" content=\"3 minutos\" \/>\r\n<script type=\"application\/ld+json\" class=\"yoast-schema-graph\">{\"@context\":\"https:\\\/\\\/schema.org\",\"@graph\":[{\"@type\":\"Article\",\"@id\":\"https:\\\/\\\/www.sistemacampolimpo.org.br\\\/noticias\\\/institucional\\\/inpev-anuncia-novo-presidente\\\/#article\",\"isPartOf\":{\"@id\":\"https:\\\/\\\/www.sistemacampolimpo.org.br\\\/noticias\\\/institucional\\\/inpev-anuncia-novo-presidente\\\/\"},\"author\":{\"name\":\"Andre GS2 MKT Digital\",\"@id\":\"https:\\\/\\\/www.sistemacampolimpo.org.br\\\/noticias\\\/#\\\/schema\\\/person\\\/39cf5fc945bc65a61d3fcb1120e004b2\"},\"headline\":\"inpEV anuncia novo presidente\",\"datePublished\":\"2026-01-29T14:58:54+00:00\",\"dateModified\":\"2026-02-20T13:46:58+00:00\",\"mainEntityOfPage\":{\"@id\":\"https:\\\/\\\/www.sistemacampolimpo.org.br\\\/noticias\\\/institucional\\\/inpev-anuncia-novo-presidente\\\/\"},\"wordCount\":644,\"commentCount\":0,\"articleSection\":[\"Institucional\"],\"inLanguage\":\"pt-BR\",\"potentialAction\":[{\"@type\":\"CommentAction\",\"name\":\"Comment\",\"target\":[\"https:\\\/\\\/www.sistemacampolimpo.org.br\\\/noticias\\\/institucional\\\/inpev-anuncia-novo-presidente\\\/#respond\"]}]},{\"@type\":\"WebPage\",\"@id\":\"https:\\\/\\\/www.sistemacampolimpo.org.br\\\/noticias\\\/institucional\\\/inpev-anuncia-novo-presidente\\\/\",\"url\":\"https:\\\/\\\/www.sistemacampolimpo.org.br\\\/noticias\\\/institucional\\\/inpev-anuncia-novo-presidente\\\/\",\"name\":\"inpEV anuncia novo presidente - Noticias\",\"isPartOf\":{\"@id\":\"https:\\\/\\\/www.sistemacampolimpo.org.br\\\/noticias\\\/#website\"},\"datePublished\":\"2026-01-29T14:58:54+00:00\",\"dateModified\":\"2026-02-20T13:46:58+00:00\",\"author\":{\"@id\":\"https:\\\/\\\/www.sistemacampolimpo.org.br\\\/noticias\\\/#\\\/schema\\\/person\\\/39cf5fc945bc65a61d3fcb1120e004b2\"},\"breadcrumb\":{\"@id\":\"https:\\\/\\\/www.sistemacampolimpo.org.br\\\/noticias\\\/institucional\\\/inpev-anuncia-novo-presidente\\\/#breadcrumb\"},\"inLanguage\":\"pt-BR\",\"potentialAction\":[{\"@type\":\"ReadAction\",\"target\":[\"https:\\\/\\\/www.sistemacampolimpo.org.br\\\/noticias\\\/institucional\\\/inpev-anuncia-novo-presidente\\\/\"]}]},{\"@type\":\"BreadcrumbList\",\"@id\":\"https:\\\/\\\/www.sistemacampolimpo.org.br\\\/noticias\\\/institucional\\\/inpev-anuncia-novo-presidente\\\/#breadcrumb\",\"itemListElement\":[{\"@type\":\"ListItem\",\"position\":1,\"name\":\"In\u00edcio\",\"item\":\"https:\\\/\\\/www.sistemacampolimpo.org.br\\\/noticias\\\/\"},{\"@type\":\"ListItem\",\"position\":2,\"name\":\"inpEV anuncia novo presidente\"}]},{\"@type\":\"WebSite\",\"@id\":\"https:\\\/\\\/www.sistemacampolimpo.org.br\\\/noticias\\\/#website\",\"url\":\"https:\\\/\\\/www.sistemacampolimpo.org.br\\\/noticias\\\/\",\"name\":\"Noticias\",\"description\":\"\",\"potentialAction\":[{\"@type\":\"SearchAction\",\"target\":{\"@type\":\"EntryPoint\",\"urlTemplate\":\"https:\\\/\\\/www.sistemacampolimpo.org.br\\\/noticias\\\/?s={search_term_string}\"},\"query-input\":{\"@type\":\"PropertyValueSpecification\",\"valueRequired\":true,\"valueName\":\"search_term_string\"}}],\"inLanguage\":\"pt-BR\"},{\"@type\":\"Person\",\"@id\":\"https:\\\/\\\/www.sistemacampolimpo.org.br\\\/noticias\\\/#\\\/schema\\\/person\\\/39cf5fc945bc65a61d3fcb1120e004b2\",\"name\":\"Andre GS2 MKT Digital\",\"image\":{\"@type\":\"ImageObject\",\"inLanguage\":\"pt-BR\",\"@id\":\"https:\\\/\\\/secure.gravatar.com\\\/avatar\\\/0aa536040417e6ff65c43cd8f781930541687b0410e3629ae61649e5b961f00b?s=96&d=mm&r=g\",\"url\":\"https:\\\/\\\/secure.gravatar.com\\\/avatar\\\/0aa536040417e6ff65c43cd8f781930541687b0410e3629ae61649e5b961f00b?s=96&d=mm&r=g\",\"contentUrl\":\"https:\\\/\\\/secure.gravatar.com\\\/avatar\\\/0aa536040417e6ff65c43cd8f781930541687b0410e3629ae61649e5b961f00b?s=96&d=mm&r=g\",\"caption\":\"Andre GS2 MKT Digital\"},\"url\":\"https:\\\/\\\/www.sistemacampolimpo.org.br\\\/noticias\\\/author\\\/andre-beltrame\\\/\"}]}<\/script>\r\n<!-- \/ Yoast SEO plugin. -->","yoast_head_json":{"title":"inpEV anuncia novo presidente - Noticias","robots":{"index":"index","follow":"follow","max-snippet":"max-snippet:-1","max-image-preview":"max-image-preview:large","max-video-preview":"max-video-preview:-1"},"canonical":"https:\/\/www.sistemacampolimpo.org.br\/noticias\/institucional\/inpev-anuncia-novo-presidente\/","og_locale":"pt_BR","og_type":"article","og_title":"inpEV anuncia novo presidente - Noticias","og_description":"O Instituto Nacional de Processamento de Embalagens Vazias (inpEV) est\u00e1 sob novo comando. Marcelo Okamura assume a presid\u00eancia da entidade gestora do Sistema Campo Limpo, programa brasileiro de log\u00edstica reversa de embalagens vazias e sobras p\u00f3s-consumo de defensivos agr\u00edcolas. O Instituto Nacional de Processamento de Embalagens Vazias (inpEV) est\u00e1 sob novo comando. Marcelo Okamura assume [&hellip;]","og_url":"https:\/\/www.sistemacampolimpo.org.br\/noticias\/institucional\/inpev-anuncia-novo-presidente\/","og_site_name":"Noticias","article_published_time":"2026-01-29T14:58:54+00:00","article_modified_time":"2026-02-20T13:46:58+00:00","author":"Andre GS2 MKT Digital","twitter_card":"summary_large_image","twitter_misc":{"Escrito por":"Andre GS2 MKT Digital","Est. tempo de leitura":"3 minutos"},"schema":{"@context":"https:\/\/schema.org","@graph":[{"@type":"Article","@id":"https:\/\/www.sistemacampolimpo.org.br\/noticias\/institucional\/inpev-anuncia-novo-presidente\/#article","isPartOf":{"@id":"https:\/\/www.sistemacampolimpo.org.br\/noticias\/institucional\/inpev-anuncia-novo-presidente\/"},"author":{"name":"Andre GS2 MKT Digital","@id":"https:\/\/www.sistemacampolimpo.org.br\/noticias\/#\/schema\/person\/39cf5fc945bc65a61d3fcb1120e004b2"},"headline":"inpEV anuncia novo presidente","datePublished":"2026-01-29T14:58:54+00:00","dateModified":"2026-02-20T13:46:58+00:00","mainEntityOfPage":{"@id":"https:\/\/www.sistemacampolimpo.org.br\/noticias\/institucional\/inpev-anuncia-novo-presidente\/"},"wordCount":644,"commentCount":0,"articleSection":["Institucional"],"inLanguage":"pt-BR","potentialAction":[{"@type":"CommentAction","name":"Comment","target":["https:\/\/www.sistemacampolimpo.org.br\/noticias\/institucional\/inpev-anuncia-novo-presidente\/#respond"]}]},{"@type":"WebPage","@id":"https:\/\/www.sistemacampolimpo.org.br\/noticias\/institucional\/inpev-anuncia-novo-presidente\/","url":"https:\/\/www.sistemacampolimpo.org.br\/noticias\/institucional\/inpev-anuncia-novo-presidente\/","name":"inpEV anuncia novo presidente - Noticias","isPartOf":{"@id":"https:\/\/www.sistemacampolimpo.org.br\/noticias\/#website"},"datePublished":"2026-01-29T14:58:54+00:00","dateModified":"2026-02-20T13:46:58+00:00","author":{"@id":"https:\/\/www.sistemacampolimpo.org.br\/noticias\/#\/schema\/person\/39cf5fc945bc65a61d3fcb1120e004b2"},"breadcrumb":{"@id":"https:\/\/www.sistemacampolimpo.org.br\/noticias\/institucional\/inpev-anuncia-novo-presidente\/#breadcrumb"},"inLanguage":"pt-BR","potentialAction":[{"@type":"ReadAction","target":["https:\/\/www.sistemacampolimpo.org.br\/noticias\/institucional\/inpev-anuncia-novo-presidente\/"]}]},{"@type":"BreadcrumbList","@id":"https:\/\/www.sistemacampolimpo.org.br\/noticias\/institucional\/inpev-anuncia-novo-presidente\/#breadcrumb","itemListElement":[{"@type":"ListItem","position":1,"name":"In\u00edcio","item":"https:\/\/www.sistemacampolimpo.org.br\/noticias\/"},{"@type":"ListItem","position":2,"name":"inpEV anuncia novo presidente"}]},{"@type":"WebSite","@id":"https:\/\/www.sistemacampolimpo.org.br\/noticias\/#website","url":"https:\/\/www.sistemacampolimpo.org.br\/noticias\/","name":"Noticias","description":"","potentialAction":[{"@type":"SearchAction","target":{"@type":"EntryPoint","urlTemplate":"https:\/\/www.sistemacampolimpo.org.br\/noticias\/?s={search_term_string}"},"query-input":{"@type":"PropertyValueSpecification","valueRequired":true,"valueName":"search_term_string"}}],"inLanguage":"pt-BR"},{"@type":"Person","@id":"https:\/\/www.sistemacampolimpo.org.br\/noticias\/#\/schema\/person\/39cf5fc945bc65a61d3fcb1120e004b2","name":"Andre GS2 MKT Digital","image":{"@type":"ImageObject","inLanguage":"pt-BR","@id":"https:\/\/secure.gravatar.com\/avatar\/0aa536040417e6ff65c43cd8f781930541687b0410e3629ae61649e5b961f00b?s=96&d=mm&r=g","url":"https:\/\/secure.gravatar.com\/avatar\/0aa536040417e6ff65c43cd8f781930541687b0410e3629ae61649e5b961f00b?s=96&d=mm&r=g","contentUrl":"https:\/\/secure.gravatar.com\/avatar\/0aa536040417e6ff65c43cd8f781930541687b0410e3629ae61649e5b961f00b?s=96&d=mm&r=g","caption":"Andre GS2 MKT Digital"},"url":"https:\/\/www.sistemacampolimpo.org.br\/noticias\/author\/andre-beltrame\/"}]}},"_links":{"self":[{"href":"https:\/\/www.sistemacampolimpo.org.br\/noticias\/wp-json\/wp\/v2\/posts\/229","targetHints":{"allow":["GET"]}}],"collection":[{"href":"https:\/\/www.sistemacampolimpo.org.br\/noticias\/wp-json\/wp\/v2\/posts"}],"about":[{"href":"https:\/\/www.sistemacampolimpo.org.br\/noticias\/wp-json\/wp\/v2\/types\/post"}],"author":[{"embeddable":true,"href":"https:\/\/www.sistemacampolimpo.org.br\/noticias\/wp-json\/wp\/v2\/users\/3"}],"replies":[{"embeddable":true,"href":"https:\/\/www.sistemacampolimpo.org.br\/noticias\/wp-json\/wp\/v2\/comments?post=229"}],"version-history":[{"count":1,"href":"https:\/\/www.sistemacampolimpo.org.br\/noticias\/wp-json\/wp\/v2\/posts\/229\/revisions"}],"predecessor-version":[{"id":8103,"href":"https:\/\/www.sistemacampolimpo.org.br\/noticias\/wp-json\/wp\/v2\/posts\/229\/revisions\/8103"}],"wp:attachment":[{"href":"https:\/\/www.sistemacampolimpo.org.br\/noticias\/wp-json\/wp\/v2\/media?parent=229"}],"wp:term":[{"taxonomy":"category","embeddable":true,"href":"https:\/\/www.sistemacampolimpo.org.br\/noticias\/wp-json\/wp\/v2\/categories?post=229"},{"taxonomy":"post_tag","embeddable":true,"href":"https:\/\/www.sistemacampolimpo.org.br\/noticias\/wp-json\/wp\/v2\/tags?post=229"}],"curies":[{"name":"wp","href":"https:\/\/api.w.org\/{rel}","templated":true}]}}