{"id":226,"date":"2026-01-29T11:58:54","date_gmt":"2026-01-29T14:58:54","guid":{"rendered":"https:\/\/gerocog.grupos2mkt.live\/2026\/01\/29\/programa-conte-comigo-apresenta-nova-versao\/"},"modified":"2026-01-29T11:58:54","modified_gmt":"2026-01-29T14:58:54","slug":"programa-conte-comigo-apresenta-nova-versao","status":"publish","type":"post","link":"https:\/\/www.sistemacampolimpo.org.br\/noticias\/conscientizacao-ambiental\/programa-conte-comigo-apresenta-nova-versao\/","title":{"rendered":"Programa Conte Comigo apresenta nova vers\u00e3o"},"content":{"rendered":"\n<p><em>Iniciativa agora tem aplicativo e portal com conte\u00fados educativos e orientativos<\/em><\/p>\n\n\n\n<p>O setor de Recursos Humanos do inpEV apresentou, no dia 17 de mar\u00e7o, uma nova vers\u00e3o do Programa Conte Comigo para os funcion\u00e1rios do instituto. A iniciativa passou a ser mais completa, incluindo orienta\u00e7\u00e3o psicol\u00f3gica, financeira, jur\u00eddica, nutricional, fisioter\u00e1pica, servi\u00e7o social, educa\u00e7\u00e3o f\u00edsica, pedag\u00f3gica e pet consultoria. A a\u00e7\u00e3o beneficiar\u00e1 cerca de 1 mil pessoas, entre funcion\u00e1rios e seus familiares.<\/p>\n\n\n\n<p>Al\u00e9m do canal 0800, totalmente confidencial, o p\u00fablico eleg\u00edvel poder\u00e1 acessar o aplicativo Fique Ok e o portal Viva Ok (<a href=\"https:\/\/vivaok.com.br\/\" target=\"_blank\" rel=\"noreferrer noopener\">https:\/\/vivaok.com.br\/<\/a>) que re\u00fanem conte\u00fados educativos e orientativos, como podcasts, artigos, cursos e v\u00eddeos. \u201cBuscamos inovar e tornar o programa um pouco mais robusto, abrangente e com mais recursos para a intera\u00e7\u00e3o de nossos benefici\u00e1rios\u201d, destaca Silvana de Carvalho, Gerente de RH do inpEV.<\/p>\n\n\n\n<p>O Conte Comigo teve in\u00edcio em 2020, com a pandemia de Covid-19, e integra o programa + Sa\u00fade \u2013 que visa oferecer benef\u00edcios aos funcion\u00e1rios do inpEV e seus dependentes relacionados \u00e0 sa\u00fade, bem-estar, desenvolvimento pessoal e profissional; e equil\u00edbrio e qualidade de vida. O Conte Comigo est\u00e1 inserido no pilar \u201csa\u00fade\u201d desse programa e foi implementado para ampliar o apoio emocional a esse p\u00fablico. O servidor que estiver precisando desse aux\u00edlio, pode entrar em contato pelo telefone 0800 888 0123, que funciona 24h nos sete dias da semana.<\/p>\n","protected":false},"excerpt":{"rendered":"<p>Iniciativa agora tem aplicativo e portal com conte\u00fados educativos e orientativos O setor de Recursos Humanos do inpEV apresentou, no dia 17 de mar\u00e7o, uma nova vers\u00e3o do Programa Conte Comigo para os funcion\u00e1rios do instituto. A iniciativa passou a ser mais completa, incluindo orienta\u00e7\u00e3o psicol\u00f3gica, financeira, jur\u00eddica, nutricional, fisioter\u00e1pica, servi\u00e7o social, educa\u00e7\u00e3o f\u00edsica, pedag\u00f3gica [&hellip;]<\/p>\n","protected":false},"author":3,"featured_media":0,"comment_status":"open","ping_status":"open","sticky":false,"template":"","format":"standard","meta":{"footnotes":""},"categories":[1],"tags":[],"class_list":["post-226","post","type-post","status-publish","format-standard","hentry","category-conscientizacao-ambiental"],"yoast_head":"<!-- This site is optimized with the Yoast SEO plugin v27.3 - https:\/\/yoast.com\/product\/yoast-seo-wordpress\/ -->\r\n<title>Programa Conte Comigo apresenta nova vers\u00e3o - Noticias<\/title>\r\n<meta name=\"robots\" content=\"index, follow, max-snippet:-1, max-image-preview:large, max-video-preview:-1\" \/>\r\n<link rel=\"canonical\" href=\"https:\/\/www.sistemacampolimpo.org.br\/noticias\/conscientizacao-ambiental\/programa-conte-comigo-apresenta-nova-versao\/\" \/>\r\n<meta property=\"og:locale\" content=\"pt_BR\" \/>\r\n<meta property=\"og:type\" content=\"article\" \/>\r\n<meta property=\"og:title\" content=\"Programa Conte Comigo apresenta nova vers\u00e3o - Noticias\" \/>\r\n<meta property=\"og:description\" content=\"Iniciativa agora tem aplicativo e portal com conte\u00fados educativos e orientativos O setor de Recursos Humanos do inpEV apresentou, no dia 17 de mar\u00e7o, uma nova vers\u00e3o do Programa Conte Comigo para os funcion\u00e1rios do instituto. A iniciativa passou a ser mais completa, incluindo orienta\u00e7\u00e3o psicol\u00f3gica, financeira, jur\u00eddica, nutricional, fisioter\u00e1pica, servi\u00e7o social, educa\u00e7\u00e3o f\u00edsica, pedag\u00f3gica [&hellip;]\" \/>\r\n<meta property=\"og:url\" content=\"https:\/\/www.sistemacampolimpo.org.br\/noticias\/conscientizacao-ambiental\/programa-conte-comigo-apresenta-nova-versao\/\" \/>\r\n<meta property=\"og:site_name\" content=\"Noticias\" \/>\r\n<meta property=\"article:published_time\" content=\"2026-01-29T14:58:54+00:00\" \/>\r\n<meta name=\"author\" content=\"Andre GS2 MKT Digital\" \/>\r\n<meta name=\"twitter:card\" content=\"summary_large_image\" \/>\r\n<meta name=\"twitter:label1\" content=\"Escrito por\" \/>\n\t<meta name=\"twitter:data1\" content=\"Andre GS2 MKT Digital\" \/>\n\t<meta name=\"twitter:label2\" content=\"Est. tempo de leitura\" \/>\n\t<meta name=\"twitter:data2\" content=\"1 minuto\" \/>\r\n<script type=\"application\/ld+json\" class=\"yoast-schema-graph\">{\"@context\":\"https:\\\/\\\/schema.org\",\"@graph\":[{\"@type\":\"Article\",\"@id\":\"https:\\\/\\\/www.sistemacampolimpo.org.br\\\/noticias\\\/conscientizacao-ambiental\\\/programa-conte-comigo-apresenta-nova-versao\\\/#article\",\"isPartOf\":{\"@id\":\"https:\\\/\\\/www.sistemacampolimpo.org.br\\\/noticias\\\/conscientizacao-ambiental\\\/programa-conte-comigo-apresenta-nova-versao\\\/\"},\"author\":{\"name\":\"Andre GS2 MKT Digital\",\"@id\":\"https:\\\/\\\/www.sistemacampolimpo.org.br\\\/noticias\\\/#\\\/schema\\\/person\\\/39cf5fc945bc65a61d3fcb1120e004b2\"},\"headline\":\"Programa Conte Comigo apresenta nova vers\u00e3o\",\"datePublished\":\"2026-01-29T14:58:54+00:00\",\"mainEntityOfPage\":{\"@id\":\"https:\\\/\\\/www.sistemacampolimpo.org.br\\\/noticias\\\/conscientizacao-ambiental\\\/programa-conte-comigo-apresenta-nova-versao\\\/\"},\"wordCount\":254,\"commentCount\":0,\"articleSection\":[\"Conscientiza\u00e7\u00e3o Ambiental\"],\"inLanguage\":\"pt-BR\",\"potentialAction\":[{\"@type\":\"CommentAction\",\"name\":\"Comment\",\"target\":[\"https:\\\/\\\/www.sistemacampolimpo.org.br\\\/noticias\\\/conscientizacao-ambiental\\\/programa-conte-comigo-apresenta-nova-versao\\\/#respond\"]}]},{\"@type\":\"WebPage\",\"@id\":\"https:\\\/\\\/www.sistemacampolimpo.org.br\\\/noticias\\\/conscientizacao-ambiental\\\/programa-conte-comigo-apresenta-nova-versao\\\/\",\"url\":\"https:\\\/\\\/www.sistemacampolimpo.org.br\\\/noticias\\\/conscientizacao-ambiental\\\/programa-conte-comigo-apresenta-nova-versao\\\/\",\"name\":\"Programa Conte Comigo apresenta nova vers\u00e3o - Noticias\",\"isPartOf\":{\"@id\":\"https:\\\/\\\/www.sistemacampolimpo.org.br\\\/noticias\\\/#website\"},\"datePublished\":\"2026-01-29T14:58:54+00:00\",\"author\":{\"@id\":\"https:\\\/\\\/www.sistemacampolimpo.org.br\\\/noticias\\\/#\\\/schema\\\/person\\\/39cf5fc945bc65a61d3fcb1120e004b2\"},\"breadcrumb\":{\"@id\":\"https:\\\/\\\/www.sistemacampolimpo.org.br\\\/noticias\\\/conscientizacao-ambiental\\\/programa-conte-comigo-apresenta-nova-versao\\\/#breadcrumb\"},\"inLanguage\":\"pt-BR\",\"potentialAction\":[{\"@type\":\"ReadAction\",\"target\":[\"https:\\\/\\\/www.sistemacampolimpo.org.br\\\/noticias\\\/conscientizacao-ambiental\\\/programa-conte-comigo-apresenta-nova-versao\\\/\"]}]},{\"@type\":\"BreadcrumbList\",\"@id\":\"https:\\\/\\\/www.sistemacampolimpo.org.br\\\/noticias\\\/conscientizacao-ambiental\\\/programa-conte-comigo-apresenta-nova-versao\\\/#breadcrumb\",\"itemListElement\":[{\"@type\":\"ListItem\",\"position\":1,\"name\":\"In\u00edcio\",\"item\":\"https:\\\/\\\/www.sistemacampolimpo.org.br\\\/noticias\\\/\"},{\"@type\":\"ListItem\",\"position\":2,\"name\":\"Programa Conte Comigo apresenta nova vers\u00e3o\"}]},{\"@type\":\"WebSite\",\"@id\":\"https:\\\/\\\/www.sistemacampolimpo.org.br\\\/noticias\\\/#website\",\"url\":\"https:\\\/\\\/www.sistemacampolimpo.org.br\\\/noticias\\\/\",\"name\":\"Noticias\",\"description\":\"\",\"potentialAction\":[{\"@type\":\"SearchAction\",\"target\":{\"@type\":\"EntryPoint\",\"urlTemplate\":\"https:\\\/\\\/www.sistemacampolimpo.org.br\\\/noticias\\\/?s={search_term_string}\"},\"query-input\":{\"@type\":\"PropertyValueSpecification\",\"valueRequired\":true,\"valueName\":\"search_term_string\"}}],\"inLanguage\":\"pt-BR\"},{\"@type\":\"Person\",\"@id\":\"https:\\\/\\\/www.sistemacampolimpo.org.br\\\/noticias\\\/#\\\/schema\\\/person\\\/39cf5fc945bc65a61d3fcb1120e004b2\",\"name\":\"Andre GS2 MKT Digital\",\"image\":{\"@type\":\"ImageObject\",\"inLanguage\":\"pt-BR\",\"@id\":\"https:\\\/\\\/secure.gravatar.com\\\/avatar\\\/0aa536040417e6ff65c43cd8f781930541687b0410e3629ae61649e5b961f00b?s=96&d=mm&r=g\",\"url\":\"https:\\\/\\\/secure.gravatar.com\\\/avatar\\\/0aa536040417e6ff65c43cd8f781930541687b0410e3629ae61649e5b961f00b?s=96&d=mm&r=g\",\"contentUrl\":\"https:\\\/\\\/secure.gravatar.com\\\/avatar\\\/0aa536040417e6ff65c43cd8f781930541687b0410e3629ae61649e5b961f00b?s=96&d=mm&r=g\",\"caption\":\"Andre GS2 MKT Digital\"},\"url\":\"https:\\\/\\\/www.sistemacampolimpo.org.br\\\/noticias\\\/author\\\/andre-beltrame\\\/\"}]}<\/script>\r\n<!-- \/ Yoast SEO plugin. -->","yoast_head_json":{"title":"Programa Conte Comigo apresenta nova vers\u00e3o - Noticias","robots":{"index":"index","follow":"follow","max-snippet":"max-snippet:-1","max-image-preview":"max-image-preview:large","max-video-preview":"max-video-preview:-1"},"canonical":"https:\/\/www.sistemacampolimpo.org.br\/noticias\/conscientizacao-ambiental\/programa-conte-comigo-apresenta-nova-versao\/","og_locale":"pt_BR","og_type":"article","og_title":"Programa Conte Comigo apresenta nova vers\u00e3o - Noticias","og_description":"Iniciativa agora tem aplicativo e portal com conte\u00fados educativos e orientativos O setor de Recursos Humanos do inpEV apresentou, no dia 17 de mar\u00e7o, uma nova vers\u00e3o do Programa Conte Comigo para os funcion\u00e1rios do instituto. A iniciativa passou a ser mais completa, incluindo orienta\u00e7\u00e3o psicol\u00f3gica, financeira, jur\u00eddica, nutricional, fisioter\u00e1pica, servi\u00e7o social, educa\u00e7\u00e3o f\u00edsica, pedag\u00f3gica [&hellip;]","og_url":"https:\/\/www.sistemacampolimpo.org.br\/noticias\/conscientizacao-ambiental\/programa-conte-comigo-apresenta-nova-versao\/","og_site_name":"Noticias","article_published_time":"2026-01-29T14:58:54+00:00","author":"Andre GS2 MKT Digital","twitter_card":"summary_large_image","twitter_misc":{"Escrito por":"Andre GS2 MKT Digital","Est. tempo de leitura":"1 minuto"},"schema":{"@context":"https:\/\/schema.org","@graph":[{"@type":"Article","@id":"https:\/\/www.sistemacampolimpo.org.br\/noticias\/conscientizacao-ambiental\/programa-conte-comigo-apresenta-nova-versao\/#article","isPartOf":{"@id":"https:\/\/www.sistemacampolimpo.org.br\/noticias\/conscientizacao-ambiental\/programa-conte-comigo-apresenta-nova-versao\/"},"author":{"name":"Andre GS2 MKT Digital","@id":"https:\/\/www.sistemacampolimpo.org.br\/noticias\/#\/schema\/person\/39cf5fc945bc65a61d3fcb1120e004b2"},"headline":"Programa Conte Comigo apresenta nova vers\u00e3o","datePublished":"2026-01-29T14:58:54+00:00","mainEntityOfPage":{"@id":"https:\/\/www.sistemacampolimpo.org.br\/noticias\/conscientizacao-ambiental\/programa-conte-comigo-apresenta-nova-versao\/"},"wordCount":254,"commentCount":0,"articleSection":["Conscientiza\u00e7\u00e3o Ambiental"],"inLanguage":"pt-BR","potentialAction":[{"@type":"CommentAction","name":"Comment","target":["https:\/\/www.sistemacampolimpo.org.br\/noticias\/conscientizacao-ambiental\/programa-conte-comigo-apresenta-nova-versao\/#respond"]}]},{"@type":"WebPage","@id":"https:\/\/www.sistemacampolimpo.org.br\/noticias\/conscientizacao-ambiental\/programa-conte-comigo-apresenta-nova-versao\/","url":"https:\/\/www.sistemacampolimpo.org.br\/noticias\/conscientizacao-ambiental\/programa-conte-comigo-apresenta-nova-versao\/","name":"Programa Conte Comigo apresenta nova vers\u00e3o - Noticias","isPartOf":{"@id":"https:\/\/www.sistemacampolimpo.org.br\/noticias\/#website"},"datePublished":"2026-01-29T14:58:54+00:00","author":{"@id":"https:\/\/www.sistemacampolimpo.org.br\/noticias\/#\/schema\/person\/39cf5fc945bc65a61d3fcb1120e004b2"},"breadcrumb":{"@id":"https:\/\/www.sistemacampolimpo.org.br\/noticias\/conscientizacao-ambiental\/programa-conte-comigo-apresenta-nova-versao\/#breadcrumb"},"inLanguage":"pt-BR","potentialAction":[{"@type":"ReadAction","target":["https:\/\/www.sistemacampolimpo.org.br\/noticias\/conscientizacao-ambiental\/programa-conte-comigo-apresenta-nova-versao\/"]}]},{"@type":"BreadcrumbList","@id":"https:\/\/www.sistemacampolimpo.org.br\/noticias\/conscientizacao-ambiental\/programa-conte-comigo-apresenta-nova-versao\/#breadcrumb","itemListElement":[{"@type":"ListItem","position":1,"name":"In\u00edcio","item":"https:\/\/www.sistemacampolimpo.org.br\/noticias\/"},{"@type":"ListItem","position":2,"name":"Programa Conte Comigo apresenta nova vers\u00e3o"}]},{"@type":"WebSite","@id":"https:\/\/www.sistemacampolimpo.org.br\/noticias\/#website","url":"https:\/\/www.sistemacampolimpo.org.br\/noticias\/","name":"Noticias","description":"","potentialAction":[{"@type":"SearchAction","target":{"@type":"EntryPoint","urlTemplate":"https:\/\/www.sistemacampolimpo.org.br\/noticias\/?s={search_term_string}"},"query-input":{"@type":"PropertyValueSpecification","valueRequired":true,"valueName":"search_term_string"}}],"inLanguage":"pt-BR"},{"@type":"Person","@id":"https:\/\/www.sistemacampolimpo.org.br\/noticias\/#\/schema\/person\/39cf5fc945bc65a61d3fcb1120e004b2","name":"Andre GS2 MKT Digital","image":{"@type":"ImageObject","inLanguage":"pt-BR","@id":"https:\/\/secure.gravatar.com\/avatar\/0aa536040417e6ff65c43cd8f781930541687b0410e3629ae61649e5b961f00b?s=96&d=mm&r=g","url":"https:\/\/secure.gravatar.com\/avatar\/0aa536040417e6ff65c43cd8f781930541687b0410e3629ae61649e5b961f00b?s=96&d=mm&r=g","contentUrl":"https:\/\/secure.gravatar.com\/avatar\/0aa536040417e6ff65c43cd8f781930541687b0410e3629ae61649e5b961f00b?s=96&d=mm&r=g","caption":"Andre GS2 MKT Digital"},"url":"https:\/\/www.sistemacampolimpo.org.br\/noticias\/author\/andre-beltrame\/"}]}},"_links":{"self":[{"href":"https:\/\/www.sistemacampolimpo.org.br\/noticias\/wp-json\/wp\/v2\/posts\/226","targetHints":{"allow":["GET"]}}],"collection":[{"href":"https:\/\/www.sistemacampolimpo.org.br\/noticias\/wp-json\/wp\/v2\/posts"}],"about":[{"href":"https:\/\/www.sistemacampolimpo.org.br\/noticias\/wp-json\/wp\/v2\/types\/post"}],"author":[{"embeddable":true,"href":"https:\/\/www.sistemacampolimpo.org.br\/noticias\/wp-json\/wp\/v2\/users\/3"}],"replies":[{"embeddable":true,"href":"https:\/\/www.sistemacampolimpo.org.br\/noticias\/wp-json\/wp\/v2\/comments?post=226"}],"version-history":[{"count":0,"href":"https:\/\/www.sistemacampolimpo.org.br\/noticias\/wp-json\/wp\/v2\/posts\/226\/revisions"}],"wp:attachment":[{"href":"https:\/\/www.sistemacampolimpo.org.br\/noticias\/wp-json\/wp\/v2\/media?parent=226"}],"wp:term":[{"taxonomy":"category","embeddable":true,"href":"https:\/\/www.sistemacampolimpo.org.br\/noticias\/wp-json\/wp\/v2\/categories?post=226"},{"taxonomy":"post_tag","embeddable":true,"href":"https:\/\/www.sistemacampolimpo.org.br\/noticias\/wp-json\/wp\/v2\/tags?post=226"}],"curies":[{"name":"wp","href":"https:\/\/api.w.org\/{rel}","templated":true}]}}