{"id":212,"date":"2026-01-29T11:58:53","date_gmt":"2026-01-29T14:58:53","guid":{"rendered":"https:\/\/gerocog.grupos2mkt.live\/2026\/01\/29\/inpev-participa-de-evento-no-peru\/"},"modified":"2026-02-20T10:17:54","modified_gmt":"2026-02-20T13:17:54","slug":"inpev-participa-de-evento-no-peru","status":"publish","type":"post","link":"https:\/\/www.sistemacampolimpo.org.br\/noticias\/institucional\/inpev-participa-de-evento-no-peru\/","title":{"rendered":"inpEV participa de evento no Peru"},"content":{"rendered":"<div class=\"wp-block-image\">\n<figure class=\"aligncenter size-large\"><img decoding=\"async\" src=\"http:\/\/www.sistemacampolimpo.org.br\/wp-content\/uploads\/2024\/03\/01bd7c06-e622-4f71-9026-8e871b77eef1-1024x576.jpeg\" alt=\"\" class=\"wp-image-5511\" title=\"inpEV participa de evento no Peru\"\/><\/figure>\n<\/div>\n\n\n<p><em>O presidente do Instituto, Marcelo Okamura, ministrou palestra, no dia 29 de novembro, no X Congresso da REDEMPA e do I Congresso Internacional de Fiscais de Controle<\/em><\/p>\n\n\n\n<p>O Instituto Nacional de Processamento de Embalagens Vazias (inpEV) esteve presente no X Congresso da REDEMPA (Rede Latino-americana de Minist\u00e9rio P\u00fablico Ambiental) e do I Congresso Internacional de Fiscais de Controle, que ocorreu de 29 de novembro a 1\u00ba de dezembro, em Lima, no Peru.&nbsp;<\/p>\n\n\n\n<p>O presidente do inpEV, Marcelo Okamura, participou da mesa \u201cObjetivos do Desenvolvimento Sustent\u00e1vel na Am\u00e9rica Latina\u201d, realizada no primeiro dia do evento. \u201cFoi uma \u00f3tima oportunidade de compartilharmos o case de sucesso que \u00e9 o Sistema Campo Limpo, para um p\u00fablico muito qualificado.\u201d, destacou Marcelo Okamura, presidente do inpEV.&nbsp;<\/p>\n\n\n\n<p>O congresso teve como tema \u201cGovernan\u00e7a Ambiental e Controle Funcional na Am\u00e9rica Latina\u201d e reuniu palestrantes de diversos pa\u00edses, como representantes do Minist\u00e9rio P\u00fablico e ambientalistas. Houve tamb\u00e9m debates de temas como: \u201cCorrup\u00e7\u00e3o e meio ambiente\u201d, \u201cDesastres naturais e prote\u00e7\u00e3o do meio ambiente\u201d, \u201cCidadania e governan\u00e7a ambiental\u201d.<\/p>\n","protected":false},"excerpt":{"rendered":"<p>O presidente do Instituto, Marcelo Okamura, ministrou palestra, no dia 29 de novembro, no X Congresso da REDEMPA e do I Congresso Internacional de Fiscais de Controle O Instituto Nacional de Processamento de Embalagens Vazias (inpEV) esteve presente no X Congresso da REDEMPA (Rede Latino-americana de Minist\u00e9rio P\u00fablico Ambiental) e do I Congresso Internacional de [&hellip;]<\/p>\n","protected":false},"author":3,"featured_media":8069,"comment_status":"open","ping_status":"open","sticky":false,"template":"","format":"standard","meta":{"footnotes":""},"categories":[3],"tags":[],"class_list":["post-212","post","type-post","status-publish","format-standard","has-post-thumbnail","hentry","category-institucional"],"yoast_head":"<!-- This site is optimized with the Yoast SEO plugin v27.3 - https:\/\/yoast.com\/product\/yoast-seo-wordpress\/ -->\r\n<title>inpEV participa de evento no Peru - Noticias<\/title>\r\n<meta name=\"robots\" content=\"index, follow, max-snippet:-1, max-image-preview:large, max-video-preview:-1\" \/>\r\n<link rel=\"canonical\" href=\"https:\/\/www.sistemacampolimpo.org.br\/noticias\/institucional\/inpev-participa-de-evento-no-peru\/\" \/>\r\n<meta property=\"og:locale\" content=\"pt_BR\" \/>\r\n<meta property=\"og:type\" content=\"article\" \/>\r\n<meta property=\"og:title\" content=\"inpEV participa de evento no Peru - Noticias\" \/>\r\n<meta property=\"og:description\" content=\"O presidente do Instituto, Marcelo Okamura, ministrou palestra, no dia 29 de novembro, no X Congresso da REDEMPA e do I Congresso Internacional de Fiscais de Controle O Instituto Nacional de Processamento de Embalagens Vazias (inpEV) esteve presente no X Congresso da REDEMPA (Rede Latino-americana de Minist\u00e9rio P\u00fablico Ambiental) e do I Congresso Internacional de [&hellip;]\" \/>\r\n<meta property=\"og:url\" content=\"https:\/\/www.sistemacampolimpo.org.br\/noticias\/institucional\/inpev-participa-de-evento-no-peru\/\" \/>\r\n<meta property=\"og:site_name\" content=\"Noticias\" \/>\r\n<meta property=\"article:published_time\" content=\"2026-01-29T14:58:53+00:00\" \/>\r\n<meta property=\"article:modified_time\" content=\"2026-02-20T13:17:54+00:00\" \/>\r\n<meta property=\"og:image\" content=\"https:\/\/www.sistemacampolimpo.org.br\/noticias\/wp-content\/uploads\/2026\/01\/campo-limpo-evento-peru.jpeg\" \/>\r\n\t<meta property=\"og:image:width\" content=\"1024\" \/>\r\n\t<meta property=\"og:image:height\" content=\"576\" \/>\r\n\t<meta property=\"og:image:type\" content=\"image\/jpeg\" \/>\r\n<meta name=\"author\" content=\"Andre GS2 MKT Digital\" \/>\r\n<meta name=\"twitter:card\" content=\"summary_large_image\" \/>\r\n<meta name=\"twitter:label1\" content=\"Escrito por\" \/>\n\t<meta name=\"twitter:data1\" content=\"Andre GS2 MKT Digital\" \/>\n\t<meta name=\"twitter:label2\" content=\"Est. tempo de leitura\" \/>\n\t<meta name=\"twitter:data2\" content=\"1 minuto\" \/>\r\n<script type=\"application\/ld+json\" class=\"yoast-schema-graph\">{\"@context\":\"https:\\\/\\\/schema.org\",\"@graph\":[{\"@type\":\"Article\",\"@id\":\"https:\\\/\\\/www.sistemacampolimpo.org.br\\\/noticias\\\/institucional\\\/inpev-participa-de-evento-no-peru\\\/#article\",\"isPartOf\":{\"@id\":\"https:\\\/\\\/www.sistemacampolimpo.org.br\\\/noticias\\\/institucional\\\/inpev-participa-de-evento-no-peru\\\/\"},\"author\":{\"name\":\"Andre GS2 MKT Digital\",\"@id\":\"https:\\\/\\\/www.sistemacampolimpo.org.br\\\/noticias\\\/#\\\/schema\\\/person\\\/39cf5fc945bc65a61d3fcb1120e004b2\"},\"headline\":\"inpEV participa de evento no Peru\",\"datePublished\":\"2026-01-29T14:58:53+00:00\",\"dateModified\":\"2026-02-20T13:17:54+00:00\",\"mainEntityOfPage\":{\"@id\":\"https:\\\/\\\/www.sistemacampolimpo.org.br\\\/noticias\\\/institucional\\\/inpev-participa-de-evento-no-peru\\\/\"},\"wordCount\":186,\"commentCount\":0,\"image\":{\"@id\":\"https:\\\/\\\/www.sistemacampolimpo.org.br\\\/noticias\\\/institucional\\\/inpev-participa-de-evento-no-peru\\\/#primaryimage\"},\"thumbnailUrl\":\"https:\\\/\\\/www.sistemacampolimpo.org.br\\\/noticias\\\/wp-content\\\/uploads\\\/2026\\\/01\\\/campo-limpo-evento-peru.jpeg\",\"articleSection\":[\"Institucional\"],\"inLanguage\":\"pt-BR\",\"potentialAction\":[{\"@type\":\"CommentAction\",\"name\":\"Comment\",\"target\":[\"https:\\\/\\\/www.sistemacampolimpo.org.br\\\/noticias\\\/institucional\\\/inpev-participa-de-evento-no-peru\\\/#respond\"]}]},{\"@type\":\"WebPage\",\"@id\":\"https:\\\/\\\/www.sistemacampolimpo.org.br\\\/noticias\\\/institucional\\\/inpev-participa-de-evento-no-peru\\\/\",\"url\":\"https:\\\/\\\/www.sistemacampolimpo.org.br\\\/noticias\\\/institucional\\\/inpev-participa-de-evento-no-peru\\\/\",\"name\":\"inpEV participa de evento no Peru - Noticias\",\"isPartOf\":{\"@id\":\"https:\\\/\\\/www.sistemacampolimpo.org.br\\\/noticias\\\/#website\"},\"primaryImageOfPage\":{\"@id\":\"https:\\\/\\\/www.sistemacampolimpo.org.br\\\/noticias\\\/institucional\\\/inpev-participa-de-evento-no-peru\\\/#primaryimage\"},\"image\":{\"@id\":\"https:\\\/\\\/www.sistemacampolimpo.org.br\\\/noticias\\\/institucional\\\/inpev-participa-de-evento-no-peru\\\/#primaryimage\"},\"thumbnailUrl\":\"https:\\\/\\\/www.sistemacampolimpo.org.br\\\/noticias\\\/wp-content\\\/uploads\\\/2026\\\/01\\\/campo-limpo-evento-peru.jpeg\",\"datePublished\":\"2026-01-29T14:58:53+00:00\",\"dateModified\":\"2026-02-20T13:17:54+00:00\",\"author\":{\"@id\":\"https:\\\/\\\/www.sistemacampolimpo.org.br\\\/noticias\\\/#\\\/schema\\\/person\\\/39cf5fc945bc65a61d3fcb1120e004b2\"},\"breadcrumb\":{\"@id\":\"https:\\\/\\\/www.sistemacampolimpo.org.br\\\/noticias\\\/institucional\\\/inpev-participa-de-evento-no-peru\\\/#breadcrumb\"},\"inLanguage\":\"pt-BR\",\"potentialAction\":[{\"@type\":\"ReadAction\",\"target\":[\"https:\\\/\\\/www.sistemacampolimpo.org.br\\\/noticias\\\/institucional\\\/inpev-participa-de-evento-no-peru\\\/\"]}]},{\"@type\":\"ImageObject\",\"inLanguage\":\"pt-BR\",\"@id\":\"https:\\\/\\\/www.sistemacampolimpo.org.br\\\/noticias\\\/institucional\\\/inpev-participa-de-evento-no-peru\\\/#primaryimage\",\"url\":\"https:\\\/\\\/www.sistemacampolimpo.org.br\\\/noticias\\\/wp-content\\\/uploads\\\/2026\\\/01\\\/campo-limpo-evento-peru.jpeg\",\"contentUrl\":\"https:\\\/\\\/www.sistemacampolimpo.org.br\\\/noticias\\\/wp-content\\\/uploads\\\/2026\\\/01\\\/campo-limpo-evento-peru.jpeg\",\"width\":1024,\"height\":576,\"caption\":\"inpEV participa de evento no Peru\"},{\"@type\":\"BreadcrumbList\",\"@id\":\"https:\\\/\\\/www.sistemacampolimpo.org.br\\\/noticias\\\/institucional\\\/inpev-participa-de-evento-no-peru\\\/#breadcrumb\",\"itemListElement\":[{\"@type\":\"ListItem\",\"position\":1,\"name\":\"In\u00edcio\",\"item\":\"https:\\\/\\\/www.sistemacampolimpo.org.br\\\/noticias\\\/\"},{\"@type\":\"ListItem\",\"position\":2,\"name\":\"inpEV participa de evento no Peru\"}]},{\"@type\":\"WebSite\",\"@id\":\"https:\\\/\\\/www.sistemacampolimpo.org.br\\\/noticias\\\/#website\",\"url\":\"https:\\\/\\\/www.sistemacampolimpo.org.br\\\/noticias\\\/\",\"name\":\"Noticias\",\"description\":\"\",\"potentialAction\":[{\"@type\":\"SearchAction\",\"target\":{\"@type\":\"EntryPoint\",\"urlTemplate\":\"https:\\\/\\\/www.sistemacampolimpo.org.br\\\/noticias\\\/?s={search_term_string}\"},\"query-input\":{\"@type\":\"PropertyValueSpecification\",\"valueRequired\":true,\"valueName\":\"search_term_string\"}}],\"inLanguage\":\"pt-BR\"},{\"@type\":\"Person\",\"@id\":\"https:\\\/\\\/www.sistemacampolimpo.org.br\\\/noticias\\\/#\\\/schema\\\/person\\\/39cf5fc945bc65a61d3fcb1120e004b2\",\"name\":\"Andre GS2 MKT Digital\",\"image\":{\"@type\":\"ImageObject\",\"inLanguage\":\"pt-BR\",\"@id\":\"https:\\\/\\\/secure.gravatar.com\\\/avatar\\\/0aa536040417e6ff65c43cd8f781930541687b0410e3629ae61649e5b961f00b?s=96&d=mm&r=g\",\"url\":\"https:\\\/\\\/secure.gravatar.com\\\/avatar\\\/0aa536040417e6ff65c43cd8f781930541687b0410e3629ae61649e5b961f00b?s=96&d=mm&r=g\",\"contentUrl\":\"https:\\\/\\\/secure.gravatar.com\\\/avatar\\\/0aa536040417e6ff65c43cd8f781930541687b0410e3629ae61649e5b961f00b?s=96&d=mm&r=g\",\"caption\":\"Andre GS2 MKT Digital\"},\"url\":\"https:\\\/\\\/www.sistemacampolimpo.org.br\\\/noticias\\\/author\\\/andre-beltrame\\\/\"}]}<\/script>\r\n<!-- \/ Yoast SEO plugin. -->","yoast_head_json":{"title":"inpEV participa de evento no Peru - Noticias","robots":{"index":"index","follow":"follow","max-snippet":"max-snippet:-1","max-image-preview":"max-image-preview:large","max-video-preview":"max-video-preview:-1"},"canonical":"https:\/\/www.sistemacampolimpo.org.br\/noticias\/institucional\/inpev-participa-de-evento-no-peru\/","og_locale":"pt_BR","og_type":"article","og_title":"inpEV participa de evento no Peru - Noticias","og_description":"O presidente do Instituto, Marcelo Okamura, ministrou palestra, no dia 29 de novembro, no X Congresso da REDEMPA e do I Congresso Internacional de Fiscais de Controle O Instituto Nacional de Processamento de Embalagens Vazias (inpEV) esteve presente no X Congresso da REDEMPA (Rede Latino-americana de Minist\u00e9rio P\u00fablico Ambiental) e do I Congresso Internacional de [&hellip;]","og_url":"https:\/\/www.sistemacampolimpo.org.br\/noticias\/institucional\/inpev-participa-de-evento-no-peru\/","og_site_name":"Noticias","article_published_time":"2026-01-29T14:58:53+00:00","article_modified_time":"2026-02-20T13:17:54+00:00","og_image":[{"width":1024,"height":576,"url":"https:\/\/www.sistemacampolimpo.org.br\/noticias\/wp-content\/uploads\/2026\/01\/campo-limpo-evento-peru.jpeg","type":"image\/jpeg"}],"author":"Andre GS2 MKT Digital","twitter_card":"summary_large_image","twitter_misc":{"Escrito por":"Andre GS2 MKT Digital","Est. tempo de leitura":"1 minuto"},"schema":{"@context":"https:\/\/schema.org","@graph":[{"@type":"Article","@id":"https:\/\/www.sistemacampolimpo.org.br\/noticias\/institucional\/inpev-participa-de-evento-no-peru\/#article","isPartOf":{"@id":"https:\/\/www.sistemacampolimpo.org.br\/noticias\/institucional\/inpev-participa-de-evento-no-peru\/"},"author":{"name":"Andre GS2 MKT Digital","@id":"https:\/\/www.sistemacampolimpo.org.br\/noticias\/#\/schema\/person\/39cf5fc945bc65a61d3fcb1120e004b2"},"headline":"inpEV participa de evento no Peru","datePublished":"2026-01-29T14:58:53+00:00","dateModified":"2026-02-20T13:17:54+00:00","mainEntityOfPage":{"@id":"https:\/\/www.sistemacampolimpo.org.br\/noticias\/institucional\/inpev-participa-de-evento-no-peru\/"},"wordCount":186,"commentCount":0,"image":{"@id":"https:\/\/www.sistemacampolimpo.org.br\/noticias\/institucional\/inpev-participa-de-evento-no-peru\/#primaryimage"},"thumbnailUrl":"https:\/\/www.sistemacampolimpo.org.br\/noticias\/wp-content\/uploads\/2026\/01\/campo-limpo-evento-peru.jpeg","articleSection":["Institucional"],"inLanguage":"pt-BR","potentialAction":[{"@type":"CommentAction","name":"Comment","target":["https:\/\/www.sistemacampolimpo.org.br\/noticias\/institucional\/inpev-participa-de-evento-no-peru\/#respond"]}]},{"@type":"WebPage","@id":"https:\/\/www.sistemacampolimpo.org.br\/noticias\/institucional\/inpev-participa-de-evento-no-peru\/","url":"https:\/\/www.sistemacampolimpo.org.br\/noticias\/institucional\/inpev-participa-de-evento-no-peru\/","name":"inpEV participa de evento no Peru - Noticias","isPartOf":{"@id":"https:\/\/www.sistemacampolimpo.org.br\/noticias\/#website"},"primaryImageOfPage":{"@id":"https:\/\/www.sistemacampolimpo.org.br\/noticias\/institucional\/inpev-participa-de-evento-no-peru\/#primaryimage"},"image":{"@id":"https:\/\/www.sistemacampolimpo.org.br\/noticias\/institucional\/inpev-participa-de-evento-no-peru\/#primaryimage"},"thumbnailUrl":"https:\/\/www.sistemacampolimpo.org.br\/noticias\/wp-content\/uploads\/2026\/01\/campo-limpo-evento-peru.jpeg","datePublished":"2026-01-29T14:58:53+00:00","dateModified":"2026-02-20T13:17:54+00:00","author":{"@id":"https:\/\/www.sistemacampolimpo.org.br\/noticias\/#\/schema\/person\/39cf5fc945bc65a61d3fcb1120e004b2"},"breadcrumb":{"@id":"https:\/\/www.sistemacampolimpo.org.br\/noticias\/institucional\/inpev-participa-de-evento-no-peru\/#breadcrumb"},"inLanguage":"pt-BR","potentialAction":[{"@type":"ReadAction","target":["https:\/\/www.sistemacampolimpo.org.br\/noticias\/institucional\/inpev-participa-de-evento-no-peru\/"]}]},{"@type":"ImageObject","inLanguage":"pt-BR","@id":"https:\/\/www.sistemacampolimpo.org.br\/noticias\/institucional\/inpev-participa-de-evento-no-peru\/#primaryimage","url":"https:\/\/www.sistemacampolimpo.org.br\/noticias\/wp-content\/uploads\/2026\/01\/campo-limpo-evento-peru.jpeg","contentUrl":"https:\/\/www.sistemacampolimpo.org.br\/noticias\/wp-content\/uploads\/2026\/01\/campo-limpo-evento-peru.jpeg","width":1024,"height":576,"caption":"inpEV participa de evento no Peru"},{"@type":"BreadcrumbList","@id":"https:\/\/www.sistemacampolimpo.org.br\/noticias\/institucional\/inpev-participa-de-evento-no-peru\/#breadcrumb","itemListElement":[{"@type":"ListItem","position":1,"name":"In\u00edcio","item":"https:\/\/www.sistemacampolimpo.org.br\/noticias\/"},{"@type":"ListItem","position":2,"name":"inpEV participa de evento no Peru"}]},{"@type":"WebSite","@id":"https:\/\/www.sistemacampolimpo.org.br\/noticias\/#website","url":"https:\/\/www.sistemacampolimpo.org.br\/noticias\/","name":"Noticias","description":"","potentialAction":[{"@type":"SearchAction","target":{"@type":"EntryPoint","urlTemplate":"https:\/\/www.sistemacampolimpo.org.br\/noticias\/?s={search_term_string}"},"query-input":{"@type":"PropertyValueSpecification","valueRequired":true,"valueName":"search_term_string"}}],"inLanguage":"pt-BR"},{"@type":"Person","@id":"https:\/\/www.sistemacampolimpo.org.br\/noticias\/#\/schema\/person\/39cf5fc945bc65a61d3fcb1120e004b2","name":"Andre GS2 MKT Digital","image":{"@type":"ImageObject","inLanguage":"pt-BR","@id":"https:\/\/secure.gravatar.com\/avatar\/0aa536040417e6ff65c43cd8f781930541687b0410e3629ae61649e5b961f00b?s=96&d=mm&r=g","url":"https:\/\/secure.gravatar.com\/avatar\/0aa536040417e6ff65c43cd8f781930541687b0410e3629ae61649e5b961f00b?s=96&d=mm&r=g","contentUrl":"https:\/\/secure.gravatar.com\/avatar\/0aa536040417e6ff65c43cd8f781930541687b0410e3629ae61649e5b961f00b?s=96&d=mm&r=g","caption":"Andre GS2 MKT Digital"},"url":"https:\/\/www.sistemacampolimpo.org.br\/noticias\/author\/andre-beltrame\/"}]}},"_links":{"self":[{"href":"https:\/\/www.sistemacampolimpo.org.br\/noticias\/wp-json\/wp\/v2\/posts\/212","targetHints":{"allow":["GET"]}}],"collection":[{"href":"https:\/\/www.sistemacampolimpo.org.br\/noticias\/wp-json\/wp\/v2\/posts"}],"about":[{"href":"https:\/\/www.sistemacampolimpo.org.br\/noticias\/wp-json\/wp\/v2\/types\/post"}],"author":[{"embeddable":true,"href":"https:\/\/www.sistemacampolimpo.org.br\/noticias\/wp-json\/wp\/v2\/users\/3"}],"replies":[{"embeddable":true,"href":"https:\/\/www.sistemacampolimpo.org.br\/noticias\/wp-json\/wp\/v2\/comments?post=212"}],"version-history":[{"count":2,"href":"https:\/\/www.sistemacampolimpo.org.br\/noticias\/wp-json\/wp\/v2\/posts\/212\/revisions"}],"predecessor-version":[{"id":8071,"href":"https:\/\/www.sistemacampolimpo.org.br\/noticias\/wp-json\/wp\/v2\/posts\/212\/revisions\/8071"}],"wp:featuredmedia":[{"embeddable":true,"href":"https:\/\/www.sistemacampolimpo.org.br\/noticias\/wp-json\/wp\/v2\/media\/8069"}],"wp:attachment":[{"href":"https:\/\/www.sistemacampolimpo.org.br\/noticias\/wp-json\/wp\/v2\/media?parent=212"}],"wp:term":[{"taxonomy":"category","embeddable":true,"href":"https:\/\/www.sistemacampolimpo.org.br\/noticias\/wp-json\/wp\/v2\/categories?post=212"},{"taxonomy":"post_tag","embeddable":true,"href":"https:\/\/www.sistemacampolimpo.org.br\/noticias\/wp-json\/wp\/v2\/tags?post=212"}],"curies":[{"name":"wp","href":"https:\/\/api.w.org\/{rel}","templated":true}]}}