{"id":208,"date":"2026-01-29T11:58:53","date_gmt":"2026-01-29T14:58:53","guid":{"rendered":"https:\/\/gerocog.grupos2mkt.live\/2026\/01\/29\/entrevista-com-nilto-mendes-gerente-de-combate-a-produtos-ilegais-da-croplife-brasil\/"},"modified":"2026-02-20T10:05:51","modified_gmt":"2026-02-20T13:05:51","slug":"entrevista-com-nilto-mendes-gerente-de-combate-a-produtos-ilegais-da-croplife-brasil","status":"publish","type":"post","link":"https:\/\/www.sistemacampolimpo.org.br\/noticias\/parcerias\/entrevista-com-nilto-mendes-gerente-de-combate-a-produtos-ilegais-da-croplife-brasil\/","title":{"rendered":"Entrevista com Nilto Mendes, Gerente de Combate a Produtos Ilegais da CropLife Brasil"},"content":{"rendered":"<div class=\"wp-block-image\">\n<figure class=\"aligncenter size-large\"><img decoding=\"async\" src=\"http:\/\/www.sistemacampolimpo.org.br\/wp-content\/uploads\/2024\/03\/af32ece9-a63b-48e2-992d-a8111c4796a0-1024x683.jpg\" alt=\"\" class=\"wp-image-5503\" title=\"Entrevista com Nilto Mendes, Gerente de Combate a Produtos Ilegais da CropLife Brasil\"\/><\/figure>\n<\/div>\n\n\n<p><em>\u201cAcreditamos que por meio da conscientiza\u00e7\u00e3o, al\u00e9m de mais fiscaliza\u00e7\u00e3o e repress\u00e3o, vamos reverter a utiliza\u00e7\u00e3o de insumos ilegais\u201d<\/em><\/p>\n\n\n\n<p>Nilto Mendes \u00e9 bacharel em Direito pela Universidade S\u00e3o Judas Tadeu. Iniciou a carreira no Tribunal de Justi\u00e7a de S\u00e3o Paulo (TJSP), onde atuou por tr\u00eas anos. Depois, foi para a Pol\u00edcia Federal, por 22 anos, onde desempenhou fun\u00e7\u00f5es nas \u00e1reas de Intelig\u00eancia Policial, Pol\u00edcia Judici\u00e1ria e Pol\u00edcia Administrativa. Atualmente, ocupa a ger\u00eancia de Combate a Produtos Ilegais na CropLife Brasil.&nbsp;&nbsp;<\/p>\n\n\n\n<p>A entidade lan\u00e7ou, neste ano, a campanha Agricultor de Valor, que visa orientar agricultores sobre os riscos da utiliza\u00e7\u00e3o de insumos ilegais no campo. O inpEV \u00e9 parceiro da CropLife nesta mobiliza\u00e7\u00e3o. Em entrevista ao <strong>Informativo do Sistema Campo Limpo<\/strong>, Nilto conta um pouco mais sobre a campanha e em rela\u00e7\u00e3o \u00e0 atua\u00e7\u00e3o da organiza\u00e7\u00e3o.&nbsp;&nbsp;<\/p>\n\n\n\n<p><br><strong>1) O que motivou a campanha Agricultor de Valor?<\/strong>&nbsp;<\/p>\n\n\n\n<p>Os insumos de origem ilegal se tornaram uma grande amea\u00e7a para a agricultura brasileira e para a sa\u00fade humana. Por isso, \u00e9 preciso conscientizar produtores rurais da gravidade da situa\u00e7\u00e3o e disponibilizar canais para den\u00fancias dessas pr\u00e1ticas ilegais. Assim nasceu a campanha da CropLife Brasil (CLB), Agricultor de Valor, cujo objetivo \u00e9 orientar agricultores sobre os riscos da utiliza\u00e7\u00e3o de insumos ilegais nas lavouras. Al\u00e9m dessa conscientiza\u00e7\u00e3o no campo, a CLB realiza um curso de capacita\u00e7\u00e3o para agentes de seguran\u00e7a p\u00fablica e privada e fiscais agropecu\u00e1rios e ambientais que atuam nas \u00e1reas de combate \u00e0 produ\u00e7\u00e3o, circula\u00e7\u00e3o, comercializa\u00e7\u00e3o e uso de insumos agr\u00edcolas ilegais, para agirem com m\u00e1xima efetividade nas opera\u00e7\u00f5es. O curso foi desenvolvido em parceria com a Universidade de S\u00e3o Paulo (USP) e conta com o apoio do Minist\u00e9rio da Justi\u00e7a e Seguran\u00e7a P\u00fablica do Brasil.&nbsp;<\/p>\n\n\n\n<p><strong>2) Como est\u00e1 a mobiliza\u00e7\u00e3o e a capilaridade da campanha?<\/strong>&nbsp;<\/p>\n\n\n\n<p>A campanha visa mobilizar e engajar produtores rurais com o maior n\u00famero de informa\u00e7\u00f5es e conte\u00fado. Acreditamos que por meio da conscientiza\u00e7\u00e3o, al\u00e9m de mais fiscaliza\u00e7\u00e3o e repress\u00e3o, vamos reverter a utiliza\u00e7\u00e3o de insumos ilegais. Os agricultores de valor devem entender como agir e reagir a insumos agr\u00edcolas ilegais. E para isso temos produzido materiais de campanha e promovido a\u00e7\u00f5es educativas, por meio das nossas redes sociais propriet\u00e1rias, e de mobiliza\u00e7\u00e3o, em conjunto com a ind\u00fastria. Os resultados t\u00eam aparecido, seja por meio das den\u00fancias que temos recebido, seja pela atua\u00e7\u00e3o dos \u00f3rg\u00e3os de seguran\u00e7a p\u00fablica e fiscaliza\u00e7\u00e3o. A apreens\u00e3o e destina\u00e7\u00e3o de defensivos ilegais no Brasil mais que dobrou. De 301 toneladas apreendidas em 2020 e 2021 chegou a 784 toneladas em 2022 e 2023.&nbsp;<\/p>\n\n\n\n<p><strong>3) Como funciona o canal de den\u00fancias e quais encaminhamentos s\u00e3o dados?<\/strong>&nbsp;<\/p>\n\n\n\n<p>O canal de den\u00fancias est\u00e1 dispon\u00edvel no site da CropLife Brasil e \u00e9 100% an\u00f4nimo e seguro. Uma vez que a pessoa identifica o uso, transporte, comercializa\u00e7\u00e3o ou armazenamento de produtos ilegais, ela pode acessar o site e responder um breve question\u00e1rio para finalizar a den\u00fancia. Uma vez realizada, encaminhamos \u00e0s autoridades respons\u00e1veis para averigua\u00e7\u00e3o.&nbsp;&nbsp;<\/p>\n\n\n\n<p><strong>4) Quais os principais impactos do uso desses produtos ilegais no campo?<\/strong>&nbsp;<\/p>\n\n\n\n<p>A utiliza\u00e7\u00e3o de insumos ilegais coloca em risco as lavouras, a sa\u00fade humana e o meio ambiente. Al\u00e9m disso, traz preju\u00edzos socioecon\u00f4micos, que afetam a qualidade dos alimentos, a gera\u00e7\u00e3o de empregos e a arrecada\u00e7\u00e3o de impostos. O investimento no desenvolvimento de novas tecnologias e produtos tamb\u00e9m \u00e9 afetado diretamente pela aceita\u00e7\u00e3o dos insumos ilegais.&nbsp;<\/p>\n\n\n\n<p><br><strong>5) Que outras a\u00e7\u00f5es a CropLife Brasil t\u00eam desenvolvido a fim de promover boas pr\u00e1ticas no agro?<\/strong>&nbsp;<\/p>\n\n\n\n<p>Al\u00e9m do combate ao mercado de insumos ilegais e a parceria com o Sistema Campo Limpo, gerido pelo inpEV, a CLB atua em projetos educativos como o Curso de Habilita\u00e7\u00e3o de Aplicadores de Defensivos Agr\u00edcolas, realizado por meio de uma rede de parceiros, como o Servi\u00e7o Nacional de Aprendizagem Rural (SENAR) e a EMATER, cujo objetivo \u00e9 habilitar agricultores e trabalhadores rurais por meio da dissemina\u00e7\u00e3o de boas pr\u00e1ticas agr\u00edcolas e orienta\u00e7\u00f5es sobre a aplica\u00e7\u00e3o correta de defensivos qu\u00edmicos e biol\u00f3gicos, promovendo a agricultura sustent\u00e1vel. O curso \u00e9 realizado no contexto do Programa Nacional de Habilita\u00e7\u00e3o de Aplicadores de Agrot\u00f3xicos (Aplicador Legal), do Minist\u00e9rio da Agricultura e Pecu\u00e1ria.&nbsp;<\/p>\n\n\n\n<p>A CropLife Brasil tamb\u00e9m \u00e9 parceira da Associa\u00e7\u00e3o Brasileira de Estudos das Abelhas (A.B.E.L.H.A.), que desenvolve diversas a\u00e7\u00f5es, como treinamentos e a\u00e7\u00f5es educativas com o SENAR e a Embrapa Meio Ambiente para promover as boas pr\u00e1ticas ap\u00edcolas e agr\u00edcolas. Os incidentes com abelhas e outras cria\u00e7\u00f5es, como o bicho da seda, est\u00e3o, na maioria, associados \u00e0 pulveriza\u00e7\u00e3o incorreta de inseticidas. S\u00e3o problemas localizados e que n\u00e3o podem ser atribu\u00eddos apenas \u00e0 avia\u00e7\u00e3o agr\u00edcola e ao uso de defensivos.&nbsp;<\/p>\n","protected":false},"excerpt":{"rendered":"<p>\u201cAcreditamos que por meio da conscientiza\u00e7\u00e3o, al\u00e9m de mais fiscaliza\u00e7\u00e3o e repress\u00e3o, vamos reverter a utiliza\u00e7\u00e3o de insumos ilegais\u201d Nilto Mendes \u00e9 bacharel em Direito pela Universidade S\u00e3o Judas Tadeu. Iniciou a carreira no Tribunal de Justi\u00e7a de S\u00e3o Paulo (TJSP), onde atuou por tr\u00eas anos. Depois, foi para a Pol\u00edcia Federal, por 22 anos, [&hellip;]<\/p>\n","protected":false},"author":3,"featured_media":8058,"comment_status":"open","ping_status":"open","sticky":false,"template":"","format":"standard","meta":{"footnotes":""},"categories":[4],"tags":[],"class_list":["post-208","post","type-post","status-publish","format-standard","has-post-thumbnail","hentry","category-parcerias"],"yoast_head":"<!-- This site is optimized with the Yoast SEO plugin v27.3 - https:\/\/yoast.com\/product\/yoast-seo-wordpress\/ -->\r\n<title>Entrevista com Nilto Mendes, Gerente de Combate a Produtos Ilegais da CropLife Brasil - Noticias<\/title>\r\n<meta name=\"robots\" content=\"index, follow, max-snippet:-1, max-image-preview:large, max-video-preview:-1\" \/>\r\n<link rel=\"canonical\" href=\"https:\/\/www.sistemacampolimpo.org.br\/noticias\/parcerias\/entrevista-com-nilto-mendes-gerente-de-combate-a-produtos-ilegais-da-croplife-brasil\/\" \/>\r\n<meta property=\"og:locale\" content=\"pt_BR\" \/>\r\n<meta property=\"og:type\" content=\"article\" \/>\r\n<meta property=\"og:title\" content=\"Entrevista com Nilto Mendes, Gerente de Combate a Produtos Ilegais da CropLife Brasil - Noticias\" \/>\r\n<meta property=\"og:description\" content=\"\u201cAcreditamos que por meio da conscientiza\u00e7\u00e3o, al\u00e9m de mais fiscaliza\u00e7\u00e3o e repress\u00e3o, vamos reverter a utiliza\u00e7\u00e3o de insumos ilegais\u201d Nilto Mendes \u00e9 bacharel em Direito pela Universidade S\u00e3o Judas Tadeu. Iniciou a carreira no Tribunal de Justi\u00e7a de S\u00e3o Paulo (TJSP), onde atuou por tr\u00eas anos. Depois, foi para a Pol\u00edcia Federal, por 22 anos, [&hellip;]\" \/>\r\n<meta property=\"og:url\" content=\"https:\/\/www.sistemacampolimpo.org.br\/noticias\/parcerias\/entrevista-com-nilto-mendes-gerente-de-combate-a-produtos-ilegais-da-croplife-brasil\/\" \/>\r\n<meta property=\"og:site_name\" content=\"Noticias\" \/>\r\n<meta property=\"article:published_time\" content=\"2026-01-29T14:58:53+00:00\" \/>\r\n<meta property=\"article:modified_time\" content=\"2026-02-20T13:05:51+00:00\" \/>\r\n<meta property=\"og:image\" content=\"https:\/\/www.sistemacampolimpo.org.br\/noticias\/wp-content\/uploads\/2026\/01\/campo-limpo-nilto-mendes.jpg\" \/>\r\n\t<meta property=\"og:image:width\" content=\"1024\" \/>\r\n\t<meta property=\"og:image:height\" content=\"683\" \/>\r\n\t<meta property=\"og:image:type\" content=\"image\/jpeg\" \/>\r\n<meta name=\"author\" content=\"Andre GS2 MKT Digital\" \/>\r\n<meta name=\"twitter:card\" content=\"summary_large_image\" \/>\r\n<meta name=\"twitter:label1\" content=\"Escrito por\" \/>\n\t<meta name=\"twitter:data1\" content=\"Andre GS2 MKT Digital\" \/>\n\t<meta name=\"twitter:label2\" content=\"Est. tempo de leitura\" \/>\n\t<meta name=\"twitter:data2\" content=\"4 minutos\" \/>\r\n<script type=\"application\/ld+json\" class=\"yoast-schema-graph\">{\"@context\":\"https:\\\/\\\/schema.org\",\"@graph\":[{\"@type\":\"Article\",\"@id\":\"https:\\\/\\\/www.sistemacampolimpo.org.br\\\/noticias\\\/parcerias\\\/entrevista-com-nilto-mendes-gerente-de-combate-a-produtos-ilegais-da-croplife-brasil\\\/#article\",\"isPartOf\":{\"@id\":\"https:\\\/\\\/www.sistemacampolimpo.org.br\\\/noticias\\\/parcerias\\\/entrevista-com-nilto-mendes-gerente-de-combate-a-produtos-ilegais-da-croplife-brasil\\\/\"},\"author\":{\"name\":\"Andre GS2 MKT Digital\",\"@id\":\"https:\\\/\\\/www.sistemacampolimpo.org.br\\\/noticias\\\/#\\\/schema\\\/person\\\/39cf5fc945bc65a61d3fcb1120e004b2\"},\"headline\":\"Entrevista com Nilto Mendes, Gerente de Combate a Produtos Ilegais da CropLife Brasil\",\"datePublished\":\"2026-01-29T14:58:53+00:00\",\"dateModified\":\"2026-02-20T13:05:51+00:00\",\"mainEntityOfPage\":{\"@id\":\"https:\\\/\\\/www.sistemacampolimpo.org.br\\\/noticias\\\/parcerias\\\/entrevista-com-nilto-mendes-gerente-de-combate-a-produtos-ilegais-da-croplife-brasil\\\/\"},\"wordCount\":884,\"commentCount\":0,\"image\":{\"@id\":\"https:\\\/\\\/www.sistemacampolimpo.org.br\\\/noticias\\\/parcerias\\\/entrevista-com-nilto-mendes-gerente-de-combate-a-produtos-ilegais-da-croplife-brasil\\\/#primaryimage\"},\"thumbnailUrl\":\"https:\\\/\\\/www.sistemacampolimpo.org.br\\\/noticias\\\/wp-content\\\/uploads\\\/2026\\\/01\\\/campo-limpo-nilto-mendes.jpg\",\"articleSection\":[\"Parcerias\"],\"inLanguage\":\"pt-BR\",\"potentialAction\":[{\"@type\":\"CommentAction\",\"name\":\"Comment\",\"target\":[\"https:\\\/\\\/www.sistemacampolimpo.org.br\\\/noticias\\\/parcerias\\\/entrevista-com-nilto-mendes-gerente-de-combate-a-produtos-ilegais-da-croplife-brasil\\\/#respond\"]}]},{\"@type\":\"WebPage\",\"@id\":\"https:\\\/\\\/www.sistemacampolimpo.org.br\\\/noticias\\\/parcerias\\\/entrevista-com-nilto-mendes-gerente-de-combate-a-produtos-ilegais-da-croplife-brasil\\\/\",\"url\":\"https:\\\/\\\/www.sistemacampolimpo.org.br\\\/noticias\\\/parcerias\\\/entrevista-com-nilto-mendes-gerente-de-combate-a-produtos-ilegais-da-croplife-brasil\\\/\",\"name\":\"Entrevista com Nilto Mendes, Gerente de Combate a Produtos Ilegais da CropLife Brasil - Noticias\",\"isPartOf\":{\"@id\":\"https:\\\/\\\/www.sistemacampolimpo.org.br\\\/noticias\\\/#website\"},\"primaryImageOfPage\":{\"@id\":\"https:\\\/\\\/www.sistemacampolimpo.org.br\\\/noticias\\\/parcerias\\\/entrevista-com-nilto-mendes-gerente-de-combate-a-produtos-ilegais-da-croplife-brasil\\\/#primaryimage\"},\"image\":{\"@id\":\"https:\\\/\\\/www.sistemacampolimpo.org.br\\\/noticias\\\/parcerias\\\/entrevista-com-nilto-mendes-gerente-de-combate-a-produtos-ilegais-da-croplife-brasil\\\/#primaryimage\"},\"thumbnailUrl\":\"https:\\\/\\\/www.sistemacampolimpo.org.br\\\/noticias\\\/wp-content\\\/uploads\\\/2026\\\/01\\\/campo-limpo-nilto-mendes.jpg\",\"datePublished\":\"2026-01-29T14:58:53+00:00\",\"dateModified\":\"2026-02-20T13:05:51+00:00\",\"author\":{\"@id\":\"https:\\\/\\\/www.sistemacampolimpo.org.br\\\/noticias\\\/#\\\/schema\\\/person\\\/39cf5fc945bc65a61d3fcb1120e004b2\"},\"breadcrumb\":{\"@id\":\"https:\\\/\\\/www.sistemacampolimpo.org.br\\\/noticias\\\/parcerias\\\/entrevista-com-nilto-mendes-gerente-de-combate-a-produtos-ilegais-da-croplife-brasil\\\/#breadcrumb\"},\"inLanguage\":\"pt-BR\",\"potentialAction\":[{\"@type\":\"ReadAction\",\"target\":[\"https:\\\/\\\/www.sistemacampolimpo.org.br\\\/noticias\\\/parcerias\\\/entrevista-com-nilto-mendes-gerente-de-combate-a-produtos-ilegais-da-croplife-brasil\\\/\"]}]},{\"@type\":\"ImageObject\",\"inLanguage\":\"pt-BR\",\"@id\":\"https:\\\/\\\/www.sistemacampolimpo.org.br\\\/noticias\\\/parcerias\\\/entrevista-com-nilto-mendes-gerente-de-combate-a-produtos-ilegais-da-croplife-brasil\\\/#primaryimage\",\"url\":\"https:\\\/\\\/www.sistemacampolimpo.org.br\\\/noticias\\\/wp-content\\\/uploads\\\/2026\\\/01\\\/campo-limpo-nilto-mendes.jpg\",\"contentUrl\":\"https:\\\/\\\/www.sistemacampolimpo.org.br\\\/noticias\\\/wp-content\\\/uploads\\\/2026\\\/01\\\/campo-limpo-nilto-mendes.jpg\",\"width\":1024,\"height\":683,\"caption\":\"Entrevista com Nilto Mendes, Gerente de Combate a Produtos Ilegais da CropLife Brasil\"},{\"@type\":\"BreadcrumbList\",\"@id\":\"https:\\\/\\\/www.sistemacampolimpo.org.br\\\/noticias\\\/parcerias\\\/entrevista-com-nilto-mendes-gerente-de-combate-a-produtos-ilegais-da-croplife-brasil\\\/#breadcrumb\",\"itemListElement\":[{\"@type\":\"ListItem\",\"position\":1,\"name\":\"In\u00edcio\",\"item\":\"https:\\\/\\\/www.sistemacampolimpo.org.br\\\/noticias\\\/\"},{\"@type\":\"ListItem\",\"position\":2,\"name\":\"Entrevista com Nilto Mendes, Gerente de Combate a Produtos Ilegais da CropLife Brasil\"}]},{\"@type\":\"WebSite\",\"@id\":\"https:\\\/\\\/www.sistemacampolimpo.org.br\\\/noticias\\\/#website\",\"url\":\"https:\\\/\\\/www.sistemacampolimpo.org.br\\\/noticias\\\/\",\"name\":\"Noticias\",\"description\":\"\",\"potentialAction\":[{\"@type\":\"SearchAction\",\"target\":{\"@type\":\"EntryPoint\",\"urlTemplate\":\"https:\\\/\\\/www.sistemacampolimpo.org.br\\\/noticias\\\/?s={search_term_string}\"},\"query-input\":{\"@type\":\"PropertyValueSpecification\",\"valueRequired\":true,\"valueName\":\"search_term_string\"}}],\"inLanguage\":\"pt-BR\"},{\"@type\":\"Person\",\"@id\":\"https:\\\/\\\/www.sistemacampolimpo.org.br\\\/noticias\\\/#\\\/schema\\\/person\\\/39cf5fc945bc65a61d3fcb1120e004b2\",\"name\":\"Andre GS2 MKT Digital\",\"image\":{\"@type\":\"ImageObject\",\"inLanguage\":\"pt-BR\",\"@id\":\"https:\\\/\\\/secure.gravatar.com\\\/avatar\\\/0aa536040417e6ff65c43cd8f781930541687b0410e3629ae61649e5b961f00b?s=96&d=mm&r=g\",\"url\":\"https:\\\/\\\/secure.gravatar.com\\\/avatar\\\/0aa536040417e6ff65c43cd8f781930541687b0410e3629ae61649e5b961f00b?s=96&d=mm&r=g\",\"contentUrl\":\"https:\\\/\\\/secure.gravatar.com\\\/avatar\\\/0aa536040417e6ff65c43cd8f781930541687b0410e3629ae61649e5b961f00b?s=96&d=mm&r=g\",\"caption\":\"Andre GS2 MKT Digital\"},\"url\":\"https:\\\/\\\/www.sistemacampolimpo.org.br\\\/noticias\\\/author\\\/andre-beltrame\\\/\"}]}<\/script>\r\n<!-- \/ Yoast SEO plugin. -->","yoast_head_json":{"title":"Entrevista com Nilto Mendes, Gerente de Combate a Produtos Ilegais da CropLife Brasil - Noticias","robots":{"index":"index","follow":"follow","max-snippet":"max-snippet:-1","max-image-preview":"max-image-preview:large","max-video-preview":"max-video-preview:-1"},"canonical":"https:\/\/www.sistemacampolimpo.org.br\/noticias\/parcerias\/entrevista-com-nilto-mendes-gerente-de-combate-a-produtos-ilegais-da-croplife-brasil\/","og_locale":"pt_BR","og_type":"article","og_title":"Entrevista com Nilto Mendes, Gerente de Combate a Produtos Ilegais da CropLife Brasil - Noticias","og_description":"\u201cAcreditamos que por meio da conscientiza\u00e7\u00e3o, al\u00e9m de mais fiscaliza\u00e7\u00e3o e repress\u00e3o, vamos reverter a utiliza\u00e7\u00e3o de insumos ilegais\u201d Nilto Mendes \u00e9 bacharel em Direito pela Universidade S\u00e3o Judas Tadeu. Iniciou a carreira no Tribunal de Justi\u00e7a de S\u00e3o Paulo (TJSP), onde atuou por tr\u00eas anos. Depois, foi para a Pol\u00edcia Federal, por 22 anos, [&hellip;]","og_url":"https:\/\/www.sistemacampolimpo.org.br\/noticias\/parcerias\/entrevista-com-nilto-mendes-gerente-de-combate-a-produtos-ilegais-da-croplife-brasil\/","og_site_name":"Noticias","article_published_time":"2026-01-29T14:58:53+00:00","article_modified_time":"2026-02-20T13:05:51+00:00","og_image":[{"width":1024,"height":683,"url":"https:\/\/www.sistemacampolimpo.org.br\/noticias\/wp-content\/uploads\/2026\/01\/campo-limpo-nilto-mendes.jpg","type":"image\/jpeg"}],"author":"Andre GS2 MKT Digital","twitter_card":"summary_large_image","twitter_misc":{"Escrito por":"Andre GS2 MKT Digital","Est. tempo de leitura":"4 minutos"},"schema":{"@context":"https:\/\/schema.org","@graph":[{"@type":"Article","@id":"https:\/\/www.sistemacampolimpo.org.br\/noticias\/parcerias\/entrevista-com-nilto-mendes-gerente-de-combate-a-produtos-ilegais-da-croplife-brasil\/#article","isPartOf":{"@id":"https:\/\/www.sistemacampolimpo.org.br\/noticias\/parcerias\/entrevista-com-nilto-mendes-gerente-de-combate-a-produtos-ilegais-da-croplife-brasil\/"},"author":{"name":"Andre GS2 MKT Digital","@id":"https:\/\/www.sistemacampolimpo.org.br\/noticias\/#\/schema\/person\/39cf5fc945bc65a61d3fcb1120e004b2"},"headline":"Entrevista com Nilto Mendes, Gerente de Combate a Produtos Ilegais da CropLife Brasil","datePublished":"2026-01-29T14:58:53+00:00","dateModified":"2026-02-20T13:05:51+00:00","mainEntityOfPage":{"@id":"https:\/\/www.sistemacampolimpo.org.br\/noticias\/parcerias\/entrevista-com-nilto-mendes-gerente-de-combate-a-produtos-ilegais-da-croplife-brasil\/"},"wordCount":884,"commentCount":0,"image":{"@id":"https:\/\/www.sistemacampolimpo.org.br\/noticias\/parcerias\/entrevista-com-nilto-mendes-gerente-de-combate-a-produtos-ilegais-da-croplife-brasil\/#primaryimage"},"thumbnailUrl":"https:\/\/www.sistemacampolimpo.org.br\/noticias\/wp-content\/uploads\/2026\/01\/campo-limpo-nilto-mendes.jpg","articleSection":["Parcerias"],"inLanguage":"pt-BR","potentialAction":[{"@type":"CommentAction","name":"Comment","target":["https:\/\/www.sistemacampolimpo.org.br\/noticias\/parcerias\/entrevista-com-nilto-mendes-gerente-de-combate-a-produtos-ilegais-da-croplife-brasil\/#respond"]}]},{"@type":"WebPage","@id":"https:\/\/www.sistemacampolimpo.org.br\/noticias\/parcerias\/entrevista-com-nilto-mendes-gerente-de-combate-a-produtos-ilegais-da-croplife-brasil\/","url":"https:\/\/www.sistemacampolimpo.org.br\/noticias\/parcerias\/entrevista-com-nilto-mendes-gerente-de-combate-a-produtos-ilegais-da-croplife-brasil\/","name":"Entrevista com Nilto Mendes, Gerente de Combate a Produtos Ilegais da CropLife Brasil - Noticias","isPartOf":{"@id":"https:\/\/www.sistemacampolimpo.org.br\/noticias\/#website"},"primaryImageOfPage":{"@id":"https:\/\/www.sistemacampolimpo.org.br\/noticias\/parcerias\/entrevista-com-nilto-mendes-gerente-de-combate-a-produtos-ilegais-da-croplife-brasil\/#primaryimage"},"image":{"@id":"https:\/\/www.sistemacampolimpo.org.br\/noticias\/parcerias\/entrevista-com-nilto-mendes-gerente-de-combate-a-produtos-ilegais-da-croplife-brasil\/#primaryimage"},"thumbnailUrl":"https:\/\/www.sistemacampolimpo.org.br\/noticias\/wp-content\/uploads\/2026\/01\/campo-limpo-nilto-mendes.jpg","datePublished":"2026-01-29T14:58:53+00:00","dateModified":"2026-02-20T13:05:51+00:00","author":{"@id":"https:\/\/www.sistemacampolimpo.org.br\/noticias\/#\/schema\/person\/39cf5fc945bc65a61d3fcb1120e004b2"},"breadcrumb":{"@id":"https:\/\/www.sistemacampolimpo.org.br\/noticias\/parcerias\/entrevista-com-nilto-mendes-gerente-de-combate-a-produtos-ilegais-da-croplife-brasil\/#breadcrumb"},"inLanguage":"pt-BR","potentialAction":[{"@type":"ReadAction","target":["https:\/\/www.sistemacampolimpo.org.br\/noticias\/parcerias\/entrevista-com-nilto-mendes-gerente-de-combate-a-produtos-ilegais-da-croplife-brasil\/"]}]},{"@type":"ImageObject","inLanguage":"pt-BR","@id":"https:\/\/www.sistemacampolimpo.org.br\/noticias\/parcerias\/entrevista-com-nilto-mendes-gerente-de-combate-a-produtos-ilegais-da-croplife-brasil\/#primaryimage","url":"https:\/\/www.sistemacampolimpo.org.br\/noticias\/wp-content\/uploads\/2026\/01\/campo-limpo-nilto-mendes.jpg","contentUrl":"https:\/\/www.sistemacampolimpo.org.br\/noticias\/wp-content\/uploads\/2026\/01\/campo-limpo-nilto-mendes.jpg","width":1024,"height":683,"caption":"Entrevista com Nilto Mendes, Gerente de Combate a Produtos Ilegais da CropLife Brasil"},{"@type":"BreadcrumbList","@id":"https:\/\/www.sistemacampolimpo.org.br\/noticias\/parcerias\/entrevista-com-nilto-mendes-gerente-de-combate-a-produtos-ilegais-da-croplife-brasil\/#breadcrumb","itemListElement":[{"@type":"ListItem","position":1,"name":"In\u00edcio","item":"https:\/\/www.sistemacampolimpo.org.br\/noticias\/"},{"@type":"ListItem","position":2,"name":"Entrevista com Nilto Mendes, Gerente de Combate a Produtos Ilegais da CropLife Brasil"}]},{"@type":"WebSite","@id":"https:\/\/www.sistemacampolimpo.org.br\/noticias\/#website","url":"https:\/\/www.sistemacampolimpo.org.br\/noticias\/","name":"Noticias","description":"","potentialAction":[{"@type":"SearchAction","target":{"@type":"EntryPoint","urlTemplate":"https:\/\/www.sistemacampolimpo.org.br\/noticias\/?s={search_term_string}"},"query-input":{"@type":"PropertyValueSpecification","valueRequired":true,"valueName":"search_term_string"}}],"inLanguage":"pt-BR"},{"@type":"Person","@id":"https:\/\/www.sistemacampolimpo.org.br\/noticias\/#\/schema\/person\/39cf5fc945bc65a61d3fcb1120e004b2","name":"Andre GS2 MKT Digital","image":{"@type":"ImageObject","inLanguage":"pt-BR","@id":"https:\/\/secure.gravatar.com\/avatar\/0aa536040417e6ff65c43cd8f781930541687b0410e3629ae61649e5b961f00b?s=96&d=mm&r=g","url":"https:\/\/secure.gravatar.com\/avatar\/0aa536040417e6ff65c43cd8f781930541687b0410e3629ae61649e5b961f00b?s=96&d=mm&r=g","contentUrl":"https:\/\/secure.gravatar.com\/avatar\/0aa536040417e6ff65c43cd8f781930541687b0410e3629ae61649e5b961f00b?s=96&d=mm&r=g","caption":"Andre GS2 MKT Digital"},"url":"https:\/\/www.sistemacampolimpo.org.br\/noticias\/author\/andre-beltrame\/"}]}},"_links":{"self":[{"href":"https:\/\/www.sistemacampolimpo.org.br\/noticias\/wp-json\/wp\/v2\/posts\/208","targetHints":{"allow":["GET"]}}],"collection":[{"href":"https:\/\/www.sistemacampolimpo.org.br\/noticias\/wp-json\/wp\/v2\/posts"}],"about":[{"href":"https:\/\/www.sistemacampolimpo.org.br\/noticias\/wp-json\/wp\/v2\/types\/post"}],"author":[{"embeddable":true,"href":"https:\/\/www.sistemacampolimpo.org.br\/noticias\/wp-json\/wp\/v2\/users\/3"}],"replies":[{"embeddable":true,"href":"https:\/\/www.sistemacampolimpo.org.br\/noticias\/wp-json\/wp\/v2\/comments?post=208"}],"version-history":[{"count":2,"href":"https:\/\/www.sistemacampolimpo.org.br\/noticias\/wp-json\/wp\/v2\/posts\/208\/revisions"}],"predecessor-version":[{"id":8059,"href":"https:\/\/www.sistemacampolimpo.org.br\/noticias\/wp-json\/wp\/v2\/posts\/208\/revisions\/8059"}],"wp:featuredmedia":[{"embeddable":true,"href":"https:\/\/www.sistemacampolimpo.org.br\/noticias\/wp-json\/wp\/v2\/media\/8058"}],"wp:attachment":[{"href":"https:\/\/www.sistemacampolimpo.org.br\/noticias\/wp-json\/wp\/v2\/media?parent=208"}],"wp:term":[{"taxonomy":"category","embeddable":true,"href":"https:\/\/www.sistemacampolimpo.org.br\/noticias\/wp-json\/wp\/v2\/categories?post=208"},{"taxonomy":"post_tag","embeddable":true,"href":"https:\/\/www.sistemacampolimpo.org.br\/noticias\/wp-json\/wp\/v2\/tags?post=208"}],"curies":[{"name":"wp","href":"https:\/\/api.w.org\/{rel}","templated":true}]}}